[{"@context":"https:\/\/schema.org\/","@type":"Article","@id":"https:\/\/www.lolabezi.cz\/prijemne-mikroklima-je-mozne-navodit-i-behem-veder\/#Article","mainEntityOfPage":"https:\/\/www.lolabezi.cz\/prijemne-mikroklima-je-mozne-navodit-i-behem-veder\/","headline":"P\u0159\u00edjemn\u00e9 mikroklima je mo\u017en\u00e9 navodit i b\u011bhem veder","name":"P\u0159\u00edjemn\u00e9 mikroklima je mo\u017en\u00e9 navodit i b\u011bhem veder","description":"I kdy\u017e st\u00e1le existuje spousta lid\u00ed, kte\u0159\u00ed neust\u00e1le broj\u00ed proti zm\u011bn\u00e1m klimatu, nikdo nem\u016f\u017ee zpochybnit, \u017ee se v n\u011bkolika m\u00e1lo posledn\u00edch desetilet\u00edch zm\u011bnilo klima i u n\u00e1s. Nejen\u017ee m\u00e1me velmi m\u00edrn\u00e9 zimy, ale z\u00e1rove\u0148 jsou u n\u00e1s st\u00e1le \u010dast\u011bji na po\u0159adu dne tropick\u00e1 l\u00e9ta. To je samoz\u0159ejm\u011b probl\u00e9m, jeliko\u017e p\u0159\u00edli\u0161 velk\u00e1 vedra dok\u00e1\u017e\u00ed s organismem [&hellip;]","datePublished":"2023-03-17","dateModified":"2024-02-12","author":{"@type":"Person","@id":"https:\/\/www.lolabezi.cz\/author\/#Person","name":"","url":"https:\/\/www.lolabezi.cz\/author\/","identifier":1,"image":{"@type":"ImageObject","@id":"https:\/\/secure.gravatar.com\/avatar\/212a6ea425a80cff3df937dbbc230f07127cee4fead311d1e3d946308365d666?s=96&d=mm&r=g","url":"https:\/\/secure.gravatar.com\/avatar\/212a6ea425a80cff3df937dbbc230f07127cee4fead311d1e3d946308365d666?s=96&d=mm&r=g","height":96,"width":96}},"publisher":{"@type":"Organization","name":"lolabezi.cz","logo":{"@type":"ImageObject","@id":"\/logo.png","url":"\/logo.png","width":600,"height":60}},"image":{"@type":"ImageObject","@id":"https:\/\/www.lolabezi.cz\/wp-content\/uploads\/Zchlazen%C3%AD.png","url":"https:\/\/www.lolabezi.cz\/wp-content\/uploads\/Zchlazen%C3%AD.png","height":0,"width":0},"url":"https:\/\/www.lolabezi.cz\/prijemne-mikroklima-je-mozne-navodit-i-behem-veder\/","about":["V\u00fdrobky"],"wordCount":417,"articleBody":"   I kdy\u017e st\u00e1le existuje spousta lid\u00ed, kte\u0159\u00ed neust\u00e1le broj\u00ed proti zm\u011bn\u00e1m klimatu, nikdo nem\u016f\u017ee zpochybnit, \u017ee se v n\u011bkolika m\u00e1lo posledn\u00edch desetilet\u00edch zm\u011bnilo klima i u n\u00e1s. Nejen\u017ee m\u00e1me velmi m\u00edrn\u00e9 zimy, ale z\u00e1rove\u0148 jsou u n\u00e1s st\u00e1le \u010dast\u011bji na po\u0159adu dne tropick\u00e1 l\u00e9ta. To je samoz\u0159ejm\u011b probl\u00e9m, jeliko\u017e p\u0159\u00edli\u0161 velk\u00e1 vedra dok\u00e1\u017e\u00ed s organismem ud\u011blat doslova divy, a to ne v tom dobr\u00e9m slova smyslu. P\u0159\u00edli\u0161n\u00e9 horko prokazateln\u011b sni\u017euje soust\u0159ed\u011bn\u00ed, co\u017e se negativn\u011b projevuje nejen v pr\u00e1ci, ale tak\u00e9 b\u011bhem dal\u0161\u00edch \u010dinnost\u00ed. Do jist\u00e9 m\u00edry je mo\u017en\u00e9 s t\u00edmto jevem bojovat, t\u0159eba zv\u00fd\u0161en\u00fdm p\u0159\u00edjmem tekutin nebo zdr\u017eov\u00e1n\u00edm se ve st\u00ednu \u010di na jin\u00fdch chladn\u011bj\u0161\u00edch m\u00edstech.Velmi efektivn\u00ed zbran\u00ed v\u016f\u010di \u00faporn\u00fdm vedr\u016fm jsou i klimatizace Brno. S jejich pomoc\u00ed je mo\u017en\u00e9 stisknut\u00edm jedin\u00e9ho tla\u010d\u00edtka b\u011bhem p\u00e1r minut navodit v interi\u00e9ru dostate\u010dn\u011b p\u0159\u00edjemn\u00e9 teploty k pr\u00e1ci i pro b\u011b\u017en\u00e9 fungov\u00e1n\u00ed.Nen\u00ed pravda, \u017ee je tento druh p\u0159\u00edstroje p\u0159edra\u017een\u00fd. Kdysi to snad platilo, av\u0161ak dnes u\u017e je v\u0161e jinak. St\u00e1le samoz\u0159ejm\u011b najdeme u p\u0159\u00edslu\u0161n\u00fdch prodejc\u016f modely, kter\u00e9 stoj\u00ed majlant, av\u0161ak to se jedn\u00e1 p\u0159ev\u00e1\u017en\u011b o p\u0159\u00edstroje, je\u017e pat\u0159\u00ed mezi naprostou \u0161pi\u010dku. A ty v\u011bt\u0161ina u\u017eivatel\u016f nepot\u0159ebuje. B\u011b\u017en\u00e9mu \u010dlov\u011bku bude bohat\u011b dosta\u010dovat i st\u0159edn\u00ed t\u0159\u00edda, kter\u00e1 to samoz\u0159ejm\u011b taky um\u00ed po\u0159\u00e1dn\u011b rozto\u010dit. A tyto modely jsou u\u017e finan\u010dn\u011b mnohem dostupn\u011bj\u0161\u00ed. Nav\u00edc je st\u00e1le mo\u017en\u00e9 koupit si mobiln\u00ed klimatizaci, kter\u00e1 je vylo\u017een\u011b levn\u00e1, a nav\u00edc m\u00e1 v\u00fdhodu v tom, \u017ee se d\u00e1 pou\u017e\u00edt prakticky kdekoliv, kde je mo\u017en\u00e9 napojit se na elektrickou s\u00ed\u0165.Mnoho lid\u00ed se myln\u011b domn\u00edv\u00e1, \u017ee klimatizace jsou vhodn\u00e9 pouze k ochlazov\u00e1n\u00ed a jinak nic moc neum\u00ed, ale v tomto se m\u00fdl\u00ed. Jedn\u00edm z pozitivn\u00edch vedlej\u0161\u00edch efekt\u016f je i zamezen\u00ed p\u0159\u00edstupu alergen\u016f do interi\u00e9ru, d\u00edky \u010demu\u017e se citliv\u011bj\u0161\u00ed lid\u00e9 nemus\u00ed b\u00fdt \u017e\u00e1dn\u00fdch zdravotn\u00edch pot\u00ed\u017e\u00ed. Nav\u00edc klimatizovan\u00e1 m\u00edstnost je imunn\u00ed v\u016f\u010di pl\u00edsn\u00edm, co\u017e je dal\u0161\u00ed p\u0159\u00edjemn\u00e9 pozitivum.                                                                                                                                                                                                                                                                                                                                                                                          4.5\/5 - (4 votes)        "},{"@context":"https:\/\/schema.org\/","@type":"BreadcrumbList","itemListElement":[{"@type":"ListItem","position":1,"name":"P\u0159\u00edjemn\u00e9 mikroklima je mo\u017en\u00e9 navodit i b\u011bhem veder","item":"https:\/\/www.lolabezi.cz\/prijemne-mikroklima-je-mozne-navodit-i-behem-veder\/#breadcrumbitem"}]}]