[{"@context":"https:\/\/schema.org\/","@type":"Article","@id":"https:\/\/www.lolabezi.cz\/vyladte-se-spolecne-s-partnerem-jak-se-vhodne-obleknout-aby-vam-to-ladilo-dohromady\/#Article","mainEntityOfPage":"https:\/\/www.lolabezi.cz\/vyladte-se-spolecne-s-partnerem-jak-se-vhodne-obleknout-aby-vam-to-ladilo-dohromady\/","headline":"Vyla\u010fte se spole\u010dn\u011b s partnerem &#8211; Jak se vhodn\u011b obl\u00e9knout, aby v\u00e1m to ladilo dohromady?","name":"Vyla\u010fte se spole\u010dn\u011b s partnerem &#8211; Jak se vhodn\u011b obl\u00e9knout, aby v\u00e1m to ladilo dohromady?","description":"\u010cek\u00e1 v\u00e1s spole\u010densk\u00e1 akce, svatba nebo firemn\u00ed ve\u010d\u00edrek a jdete spole\u010dn\u011b s partnerem? Pokud si chcete d\u00e1t na vzhledu z\u00e1le\u017eet, sla\u010fte se. A jak?\u00a0\u00a0 Vyla\u010fte se spole\u010dn\u011b s partnerem &#8211; Jak se vhodn\u011b obl\u00e9knout, aby v\u00e1m to ladilo dohromady?\u00a0 M\u00e1te p\u0159ed sebou n\u011bjakou v\u00fdznamnou ud\u00e1lost, budete hosty na svatb\u011b nebo m\u00e1te pozv\u00e1nku na jinou d\u016fle\u017eitou [&hellip;]","datePublished":"2021-09-14","dateModified":"2023-05-30","author":{"@type":"Person","@id":"https:\/\/www.lolabezi.cz\/author\/#Person","name":"","url":"https:\/\/www.lolabezi.cz\/author\/","identifier":1,"image":{"@type":"ImageObject","@id":"https:\/\/secure.gravatar.com\/avatar\/212a6ea425a80cff3df937dbbc230f07127cee4fead311d1e3d946308365d666?s=96&d=mm&r=g","url":"https:\/\/secure.gravatar.com\/avatar\/212a6ea425a80cff3df937dbbc230f07127cee4fead311d1e3d946308365d666?s=96&d=mm&r=g","height":96,"width":96}},"publisher":{"@type":"Organization","name":"lolabezi.cz","logo":{"@type":"ImageObject","@id":"\/logo.png","url":"\/logo.png","width":600,"height":60}},"image":{"@type":"ImageObject","@id":"https:\/\/www.lolabezi.cz\/wp-content\/uploads\/pexels-photo-937482.jpeg","url":"https:\/\/www.lolabezi.cz\/wp-content\/uploads\/pexels-photo-937482.jpeg","height":0,"width":0},"url":"https:\/\/www.lolabezi.cz\/vyladte-se-spolecne-s-partnerem-jak-se-vhodne-obleknout-aby-vam-to-ladilo-dohromady\/","about":["Spole\u010dnost"],"wordCount":496,"articleBody":"\u010cek\u00e1 v\u00e1s spole\u010densk\u00e1 akce, svatba nebo firemn\u00ed ve\u010d\u00edrek a jdete spole\u010dn\u011b s partnerem? Pokud si chcete d\u00e1t na vzhledu z\u00e1le\u017eet, sla\u010fte se. A jak?\u00a0\u00a0Vyla\u010fte se spole\u010dn\u011b s partnerem &#8211; Jak se vhodn\u011b obl\u00e9knout, aby v\u00e1m to ladilo dohromady?\u00a0M\u00e1te p\u0159ed sebou n\u011bjakou v\u00fdznamnou ud\u00e1lost, budete hosty na svatb\u011b nebo m\u00e1te pozv\u00e1nku na jinou d\u016fle\u017eitou spole\u010denskou ud\u00e1lost? Ur\u010dit\u011b, pokud to bude jen tro\u0161ku mo\u017en\u00e9, vezmete sebou i sv\u00e9ho partnera. Zat\u00edmco \u017eeny si na sv\u00e9m od\u011bvu d\u00e1vaj\u00ed z\u00e1le\u017eet vlastn\u011b v\u017edy, mu\u017ei to maj\u00ed jinak. Je tedy v\u011bt\u0161inou na \u017een\u011b, aby to v\u0161echno vzala do sv\u00fdch rukou. Pokud chcete zaz\u00e1\u0159it a vypadat neodolateln\u011b, zkuste se sladit dohromady, n\u011bkdy je to dokonce povinnost\u00ed. A jak to ud\u011blat?\u00a0Hlavn\u00ed slovo m\u00e1 \u017eena\u00a0Pokud chcete v\u00e1\u0161 spole\u010densk\u00fd od\u011bv dokonale sladit, je t\u0159eba dr\u017eet se pravidla. O\u010di jsou obvykle up\u0159eny na \u017eeny, ty vyn\u00e1\u0161en\u00e9 v\u017edy mnohem n\u00e1padit\u011bj\u0161\u00ed a v\u00fdrazn\u011bj\u0161\u00ed modely a tedy budou m\u00edt i hlavn\u00ed slovo. V podstat\u011b se d\u00e1 \u0159\u00edci, \u017ee mu\u017e by se m\u011bl sladit se svou polovi\u010dkou. Ta by m\u011bla vybrat sv\u00e9 \u0161aty jako prvn\u00ed. Ve stejn\u00e9 barv\u011b by pak mu\u017e m\u011bl m\u00edt minim\u00e1ln\u011b kravatu. Ov\u0161em m\u016f\u017eete si se v\u0161\u00edm pohr\u00e1t i v\u00edce. Pokud si \u017eena vezme\u00a0t\u0159eba \u010derven\u00e9 \u0161aty, m\u011bl by na sob\u011b m\u00edt \u010derven\u00fd prvek i mu\u017e. Krom\u011b typick\u00e9 kravaty to ale m\u016f\u017ee b\u00fdt t\u0159eba mot\u00fdlek nebo jin\u00fd men\u0161\u00ed detail.\u00a0Na p\u0159esk\u00e1\u010dku\u00a0Pokud m\u00e1 \u017eena v\u00ednov\u00e9 \u0161aty, m\u016f\u017ee m\u00edt mu\u017e v\u00ednovou kravatu a k tomu je dobr\u00e9 obl\u00e9knout je\u0161t\u011b o p\u00e1r odst\u00edn\u016f sv\u011btlej\u0161\u00ed ko\u0161ili, co\u017e vytvo\u0159\u00ed celkem zaj\u00edmav\u00fd kontrast. Pokud si ale nechce takto hr\u00e1t, je dobr\u00e9 se op\u011bt zam\u011b\u0159it na men\u0161\u00ed detaily. Jde to vymyslet i jinak, ka\u017ed\u00fd m\u016f\u017ee m\u00edt na sob\u011b stejnou barvu ale i v jin\u00e9m odst\u00ednu, co\u017e vytvo\u0159\u00ed p\u011bkn\u00fd dojem, kdy\u017e budete st\u00e1t na akci vedle sebe, nebo kdy\u017e budete p\u00f3zovat fotograf\u016fm. Volit ale m\u016f\u017eete jakoukoliv barvu, i kdy\u017e jich je v\u00edce, jedna by m\u011bla b\u00fdt v\u017edy spole\u010dn\u00e1.\u00a0A tip na z\u00e1v\u011br? Jestli\u017ee jdete nap\u0159\u00edklad na svatbu a berete sebou i d\u011bti, nezapome\u0148te i na n\u011b. I ony by m\u011bly m\u00edt n\u011bco ve stejn\u00e9 barv\u011b na sob\u011b, ka\u017ed\u00fd pak rozpozn\u00e1, \u017ee k sob\u011b pat\u0159\u00edte a nav\u00edc budete neskute\u010dn\u011b roztomil\u00ed. S hol\u010di\u010dkami to op\u011bt bude snadn\u011bj\u0161\u00ed, chlapc\u016fm posta\u010d\u00ed kravata nebo je\u0161t\u011b l\u00e9pe mal\u00fd mot\u00fdlek \u010di vesti\u010dka.\u00a0                                                                                                                                                                                                                                                                                                                                                                                        4.5\/5 - (2 votes)        "},{"@context":"https:\/\/schema.org\/","@type":"BreadcrumbList","itemListElement":[{"@type":"ListItem","position":1,"name":"Vyla\u010fte se spole\u010dn\u011b s partnerem &#8211; Jak se vhodn\u011b obl\u00e9knout, aby v\u00e1m to ladilo dohromady?","item":"https:\/\/www.lolabezi.cz\/vyladte-se-spolecne-s-partnerem-jak-se-vhodne-obleknout-aby-vam-to-ladilo-dohromady\/#breadcrumbitem"}]}]